{"id":2072,"date":"2025-08-27T17:39:16","date_gmt":"2025-08-27T20:39:16","guid":{"rendered":"https:\/\/www.federasul.com.br\/congresso2\/?p=2072"},"modified":"2025-08-29T14:09:12","modified_gmt":"2025-08-29T17:09:12","slug":"congresso-2017","status":"publish","type":"post","link":"https:\/\/federasul.com.br\/congresso\/congresso-2017\/","title":{"rendered":"Congresso 2017"},"content":{"rendered":"\t\t<div data-elementor-type=\"wp-post\" data-elementor-id=\"2072\" class=\"elementor elementor-2072\" data-elementor-post-type=\"post\">\n\t\t\t\t<div class=\"elementor-element elementor-element-6b5613f e-flex e-con-boxed e-con e-parent\" data-id=\"6b5613f\" data-element_type=\"container\">\n\t\t\t\t\t<div class=\"e-con-inner\">\n\t\t\t\t<div class=\"elementor-element elementor-element-fd96b8b elementor-widget__width-inherit elementor-widget elementor-widget-image\" data-id=\"fd96b8b\" data-element_type=\"widget\" data-widget_type=\"image.default\">\n\t\t\t\t<div class=\"elementor-widget-container\">\n\t\t\t\t\t\t\t\t\t\t\t\t\t\t\t<img fetchpriority=\"high\" decoding=\"async\" width=\"300\" height=\"200\" src=\"https:\/\/federasul.com.br\/congresso\/wp-content\/uploads\/2025\/08\/07-07-2017_IT-GGG5440GG-Abertura_23-e1561634014447.jpg\" class=\"attachment-full size-full wp-image-2105\" alt=\"\" \/>\t\t\t\t\t\t\t\t\t\t\t\t\t\t\t<\/div>\n\t\t\t\t<\/div>\n\t\t\t\t<div class=\"elementor-element elementor-element-eae3bce elementor-widget elementor-widget-text-editor\" data-id=\"eae3bce\" data-element_type=\"widget\" data-widget_type=\"text-editor.default\">\n\t\t\t\t<div class=\"elementor-widget-container\">\n\t\t\t\t\t\t\t\t\t<p>A presidente Simone Leite agradeceu a presen\u00e7a de todos que participaram no \u201cmaior Congresso da hist\u00f3ria da Federasul\u201d. Otimistas com o engajamento das filiadas ao projeto desta gest\u00e3o, foram criados cinco mandamentos citados por cada um dos vice-presidentes, numa esp\u00e9cie de jogral, no final do Congresso.<\/p><p>Coube ao vice-presidente Alexandre Gadret, falar em energia empreendedora, O tamb\u00e9m vice-presidente Cesar Leite, em renascimento da pol\u00edtica. Rodrigo de Sousa Costa em protagonismo da classe produtiva e Sebasti\u00e3o Ventura em engajamento c\u00edvico. E para finalizar, a presidente abordou o tema pertencimento.<\/p><p>Para Simone Leite, \u201ca nossa participa\u00e7\u00e3o \u00e9 que determinar\u00e1 o grau qualitativo das mudan\u00e7as que vir\u00e3o\u201d. O encontro serviu, segundo avalia\u00e7\u00e3o dos participantes, para transformar a apatia em renova\u00e7\u00e3o de energia.<\/p>\t\t\t\t\t\t\t\t<\/div>\n\t\t\t\t<\/div>\n\t\t\t\t\t<\/div>\n\t\t\t\t<\/div>\n\t\t<div class=\"elementor-element elementor-element-14be415 e-flex e-con-boxed e-con e-parent\" data-id=\"14be415\" data-element_type=\"container\">\n\t\t\t\t\t<div class=\"e-con-inner\">\n\t\t\t\t<div class=\"elementor-element elementor-element-b72c52c elementor-widget elementor-widget-text-editor\" data-id=\"b72c52c\" data-element_type=\"widget\" data-widget_type=\"text-editor.default\">\n\t\t\t\t<div class=\"elementor-widget-container\">\n\t\t\t\t\t\t\t\t\t<h3>Confira as fotos do evento<\/h3>\t\t\t\t\t\t\t\t<\/div>\n\t\t\t\t<\/div>\n\t\t\t\t\t<\/div>\n\t\t\t\t<\/div>\n\t\t<div class=\"elementor-element elementor-element-2d18b14 e-flex e-con-boxed e-con e-parent\" data-id=\"2d18b14\" data-element_type=\"container\">\n\t\t\t\t\t<div class=\"e-con-inner\">\n\t\t\t\t<div class=\"elementor-element elementor-element-7a137ed elementor-widget elementor-widget-text-editor\" data-id=\"7a137ed\" data-element_type=\"widget\" data-widget_type=\"text-editor.default\">\n\t\t\t\t<div class=\"elementor-widget-container\">\n\t\t\t\t\t\t\t\t\t<h3>07\/07 &#8211; Workshop Certificado de Origem<\/h3>\t\t\t\t\t\t\t\t<\/div>\n\t\t\t\t<\/div>\n\t\t<div class=\"elementor-element elementor-element-360385b e-flex e-con-boxed e-con e-child\" data-id=\"360385b\" data-element_type=\"container\">\n\t\t\t\t\t<div class=\"e-con-inner\">\n\t\t\t\t<div class=\"elementor-element elementor-element-65f0013 elementor-widget elementor-widget-image\" data-id=\"65f0013\" data-element_type=\"widget\" data-widget_type=\"image.default\">\n\t\t\t\t<div class=\"elementor-widget-container\">\n\t\t\t\t\t\t\t\t\t\t\t\t\t\t\t\t<a href=\"http:\/\/www.federasul.com.br\/congresso2\/wp-content\/uploads\/2025\/08\/07-07-2017_IT-GGG5438GGG_Congresso_11-768x512-1.jpg\" data-elementor-open-lightbox=\"yes\" data-elementor-lightbox-title=\"CONGRESSO DA FEDERASUL  2017- CANELA, RS - 07\/07\/2017.\" data-e-action-hash=\"#elementor-action%3Aaction%3Dlightbox%26settings%3DeyJpZCI6MjEwMSwidXJsIjoiaHR0cHM6XC9cL2ZlZGVyYXN1bC5jb20uYnJcL2NvbmdyZXNzb1wvd3AtY29udGVudFwvdXBsb2Fkc1wvMjAyNVwvMDhcLzA3LTA3LTIwMTdfSVQtR0dHNTQzOEdHR19Db25ncmVzc29fMTEtNzY4eDUxMi0xLmpwZyJ9\">\n\t\t\t\t\t\t\t<img decoding=\"async\" width=\"768\" height=\"512\" src=\"https:\/\/federasul.com.br\/congresso\/wp-content\/uploads\/2025\/08\/07-07-2017_IT-GGG5438GGG_Congresso_11-768x512-1.jpg\" class=\"attachment-full size-full wp-image-2101\" alt=\"\" srcset=\"https:\/\/federasul.com.br\/congresso\/wp-content\/uploads\/2025\/08\/07-07-2017_IT-GGG5438GGG_Congresso_11-768x512-1.jpg 768w, https:\/\/federasul.com.br\/congresso\/wp-content\/uploads\/2025\/08\/07-07-2017_IT-GGG5438GGG_Congresso_11-768x512-1-300x200.jpg 300w\" sizes=\"(max-width: 768px) 100vw, 768px\" \/>\t\t\t\t\t\t\t\t<\/a>\n\t\t\t\t\t\t\t\t\t\t\t\t\t\t\t<\/div>\n\t\t\t\t<\/div>\n\t\t\t\t<div class=\"elementor-element elementor-element-c222ac4 elementor-widget elementor-widget-image\" data-id=\"c222ac4\" data-element_type=\"widget\" data-widget_type=\"image.default\">\n\t\t\t\t<div class=\"elementor-widget-container\">\n\t\t\t\t\t\t\t\t\t\t\t\t\t\t\t\t<a href=\"http:\/\/www.federasul.com.br\/congresso2\/wp-content\/uploads\/2025\/08\/07-07-2017_IT-GGG5438GGG_Congresso_40-1-768x512-1.jpg\" data-elementor-open-lightbox=\"yes\" data-elementor-lightbox-title=\"CONGRESSO DA FEDERASUL  2017- CANELA, RS - 07\/07\/2017.\" data-e-action-hash=\"#elementor-action%3Aaction%3Dlightbox%26settings%3DeyJpZCI6MjEwMywidXJsIjoiaHR0cHM6XC9cL2ZlZGVyYXN1bC5jb20uYnJcL2NvbmdyZXNzb1wvd3AtY29udGVudFwvdXBsb2Fkc1wvMjAyNVwvMDhcLzA3LTA3LTIwMTdfSVQtR0dHNTQzOEdHR19Db25ncmVzc29fNDAtMS03Njh4NTEyLTEuanBnIn0%3D\">\n\t\t\t\t\t\t\t<img decoding=\"async\" width=\"768\" height=\"512\" src=\"https:\/\/federasul.com.br\/congresso\/wp-content\/uploads\/2025\/08\/07-07-2017_IT-GGG5438GGG_Congresso_40-1-768x512-1.jpg\" class=\"attachment-full size-full wp-image-2103\" alt=\"\" srcset=\"https:\/\/federasul.com.br\/congresso\/wp-content\/uploads\/2025\/08\/07-07-2017_IT-GGG5438GGG_Congresso_40-1-768x512-1.jpg 768w, https:\/\/federasul.com.br\/congresso\/wp-content\/uploads\/2025\/08\/07-07-2017_IT-GGG5438GGG_Congresso_40-1-768x512-1-300x200.jpg 300w\" sizes=\"(max-width: 768px) 100vw, 768px\" \/>\t\t\t\t\t\t\t\t<\/a>\n\t\t\t\t\t\t\t\t\t\t\t\t\t\t\t<\/div>\n\t\t\t\t<\/div>\n\t\t\t\t<div class=\"elementor-element elementor-element-ae92297 elementor-widget elementor-widget-image\" data-id=\"ae92297\" data-element_type=\"widget\" data-widget_type=\"image.default\">\n\t\t\t\t<div class=\"elementor-widget-container\">\n\t\t\t\t\t\t\t\t\t\t\t\t\t\t\t\t<a href=\"http:\/\/www.federasul.com.br\/congresso2\/wp-content\/uploads\/2025\/08\/07-07-2017_IT-GGG5438GGG_Congresso_15-768x512-1.jpg\" data-elementor-open-lightbox=\"yes\" data-elementor-lightbox-title=\"CONGRESSO DA FEDERASUL  2017- CANELA, RS - 07\/07\/2017.\" data-e-action-hash=\"#elementor-action%3Aaction%3Dlightbox%26settings%3DeyJpZCI6MjEwNCwidXJsIjoiaHR0cHM6XC9cL2ZlZGVyYXN1bC5jb20uYnJcL2NvbmdyZXNzb1wvd3AtY29udGVudFwvdXBsb2Fkc1wvMjAyNVwvMDhcLzA3LTA3LTIwMTdfSVQtR0dHNTQzOEdHR19Db25ncmVzc29fMTUtNzY4eDUxMi0xLmpwZyJ9\">\n\t\t\t\t\t\t\t<img loading=\"lazy\" decoding=\"async\" width=\"768\" height=\"512\" src=\"https:\/\/federasul.com.br\/congresso\/wp-content\/uploads\/2025\/08\/07-07-2017_IT-GGG5438GGG_Congresso_15-768x512-1.jpg\" class=\"attachment-full size-full wp-image-2104\" alt=\"\" srcset=\"https:\/\/federasul.com.br\/congresso\/wp-content\/uploads\/2025\/08\/07-07-2017_IT-GGG5438GGG_Congresso_15-768x512-1.jpg 768w, https:\/\/federasul.com.br\/congresso\/wp-content\/uploads\/2025\/08\/07-07-2017_IT-GGG5438GGG_Congresso_15-768x512-1-300x200.jpg 300w\" sizes=\"(max-width: 768px) 100vw, 768px\" \/>\t\t\t\t\t\t\t\t<\/a>\n\t\t\t\t\t\t\t\t\t\t\t\t\t\t\t<\/div>\n\t\t\t\t<\/div>\n\t\t\t\t<div class=\"elementor-element elementor-element-2aebaa8 elementor-widget elementor-widget-image\" data-id=\"2aebaa8\" data-element_type=\"widget\" data-widget_type=\"image.default\">\n\t\t\t\t<div class=\"elementor-widget-container\">\n\t\t\t\t\t\t\t\t\t\t\t\t\t\t\t\t<a href=\"http:\/\/www.federasul.com.br\/congresso2\/wp-content\/uploads\/2025\/08\/07-07-2017_IT-GGG5438GGG_Congresso_16-2-768x512-1.jpg\" data-elementor-open-lightbox=\"yes\" data-elementor-lightbox-title=\"CONGRESSO DA FEDERASUL  2017- CANELA, RS - 07\/07\/2017.\" data-e-action-hash=\"#elementor-action%3Aaction%3Dlightbox%26settings%3DeyJpZCI6MjEwMiwidXJsIjoiaHR0cHM6XC9cL2ZlZGVyYXN1bC5jb20uYnJcL2NvbmdyZXNzb1wvd3AtY29udGVudFwvdXBsb2Fkc1wvMjAyNVwvMDhcLzA3LTA3LTIwMTdfSVQtR0dHNTQzOEdHR19Db25ncmVzc29fMTYtMi03Njh4NTEyLTEuanBnIn0%3D\">\n\t\t\t\t\t\t\t<img loading=\"lazy\" decoding=\"async\" width=\"768\" height=\"512\" src=\"https:\/\/federasul.com.br\/congresso\/wp-content\/uploads\/2025\/08\/07-07-2017_IT-GGG5438GGG_Congresso_16-2-768x512-1.jpg\" class=\"attachment-full size-full wp-image-2102\" alt=\"\" srcset=\"https:\/\/federasul.com.br\/congresso\/wp-content\/uploads\/2025\/08\/07-07-2017_IT-GGG5438GGG_Congresso_16-2-768x512-1.jpg 768w, https:\/\/federasul.com.br\/congresso\/wp-content\/uploads\/2025\/08\/07-07-2017_IT-GGG5438GGG_Congresso_16-2-768x512-1-300x200.jpg 300w\" sizes=\"(max-width: 768px) 100vw, 768px\" \/>\t\t\t\t\t\t\t\t<\/a>\n\t\t\t\t\t\t\t\t\t\t\t\t\t\t\t<\/div>\n\t\t\t\t<\/div>\n\t\t\t\t\t<\/div>\n\t\t\t\t<\/div>\n\t\t\t\t\t<\/div>\n\t\t\t\t<\/div>\n\t\t<div class=\"elementor-element elementor-element-631147c e-flex e-con-boxed e-con e-parent\" data-id=\"631147c\" data-element_type=\"container\">\n\t\t\t\t\t<div class=\"e-con-inner\">\n\t\t\t\t<div class=\"elementor-element elementor-element-ac54f7b elementor-widget elementor-widget-text-editor\" data-id=\"ac54f7b\" data-element_type=\"widget\" data-widget_type=\"text-editor.default\">\n\t\t\t\t<div class=\"elementor-widget-container\">\n\t\t\t\t\t\t\t\t\t<h3>Reuni\u00e3o Mulher Empreendedora<\/h3>\t\t\t\t\t\t\t\t<\/div>\n\t\t\t\t<\/div>\n\t\t<div class=\"elementor-element elementor-element-5f9aab2 e-con-full e-grid e-con e-child\" data-id=\"5f9aab2\" data-element_type=\"container\">\n\t\t\t\t<div class=\"elementor-element elementor-element-9535627 elementor-widget elementor-widget-image\" data-id=\"9535627\" data-element_type=\"widget\" data-widget_type=\"image.default\">\n\t\t\t\t<div class=\"elementor-widget-container\">\n\t\t\t\t\t\t\t\t\t\t\t\t\t\t\t\t<a href=\"http:\/\/www.federasul.com.br\/congresso2\/wp-content\/uploads\/2025\/08\/07-07-2017_IT-GGG5438GGG_Congresso_12-768x512-1.jpg\" data-elementor-open-lightbox=\"yes\" data-elementor-lightbox-title=\"CONGRESSO DA FEDERASUL  2017- CANELA, RS - 07\/07\/2017.\" data-e-action-hash=\"#elementor-action%3Aaction%3Dlightbox%26settings%3DeyJpZCI6MjA5OSwidXJsIjoiaHR0cHM6XC9cL2ZlZGVyYXN1bC5jb20uYnJcL2NvbmdyZXNzb1wvd3AtY29udGVudFwvdXBsb2Fkc1wvMjAyNVwvMDhcLzA3LTA3LTIwMTdfSVQtR0dHNTQzOEdHR19Db25ncmVzc29fMTItNzY4eDUxMi0xLmpwZyJ9\">\n\t\t\t\t\t\t\t<img loading=\"lazy\" decoding=\"async\" width=\"768\" height=\"512\" src=\"https:\/\/federasul.com.br\/congresso\/wp-content\/uploads\/2025\/08\/07-07-2017_IT-GGG5438GGG_Congresso_12-768x512-1.jpg\" class=\"attachment-full size-full wp-image-2099\" alt=\"\" srcset=\"https:\/\/federasul.com.br\/congresso\/wp-content\/uploads\/2025\/08\/07-07-2017_IT-GGG5438GGG_Congresso_12-768x512-1.jpg 768w, https:\/\/federasul.com.br\/congresso\/wp-content\/uploads\/2025\/08\/07-07-2017_IT-GGG5438GGG_Congresso_12-768x512-1-300x200.jpg 300w\" sizes=\"(max-width: 768px) 100vw, 768px\" \/>\t\t\t\t\t\t\t\t<\/a>\n\t\t\t\t\t\t\t\t\t\t\t\t\t\t\t<\/div>\n\t\t\t\t<\/div>\n\t\t\t\t<div class=\"elementor-element elementor-element-2d991e9 elementor-widget elementor-widget-image\" data-id=\"2d991e9\" data-element_type=\"widget\" data-widget_type=\"image.default\">\n\t\t\t\t<div class=\"elementor-widget-container\">\n\t\t\t\t\t\t\t\t\t\t\t\t\t\t\t\t<a href=\"http:\/\/www.federasul.com.br\/congresso2\/wp-content\/uploads\/2025\/08\/07-07-2017_IT-GGG5438GGG_Congresso_11.jpg\" data-elementor-open-lightbox=\"yes\" data-elementor-lightbox-title=\"CONGRESSO DA FEDERASUL  2017- CANELA, RS - 07\/07\/2017.\" data-e-action-hash=\"#elementor-action%3Aaction%3Dlightbox%26settings%3DeyJpZCI6MjEwMCwidXJsIjoiaHR0cHM6XC9cL2ZlZGVyYXN1bC5jb20uYnJcL2NvbmdyZXNzb1wvd3AtY29udGVudFwvdXBsb2Fkc1wvMjAyNVwvMDhcLzA3LTA3LTIwMTdfSVQtR0dHNTQzOEdHR19Db25ncmVzc29fMTEuanBnIn0%3D\">\n\t\t\t\t\t\t\t<img loading=\"lazy\" decoding=\"async\" width=\"2375\" height=\"1583\" src=\"https:\/\/federasul.com.br\/congresso\/wp-content\/uploads\/2025\/08\/07-07-2017_IT-GGG5438GGG_Congresso_11.jpg\" class=\"attachment-full size-full wp-image-2100\" alt=\"\" srcset=\"https:\/\/federasul.com.br\/congresso\/wp-content\/uploads\/2025\/08\/07-07-2017_IT-GGG5438GGG_Congresso_11.jpg 2375w, https:\/\/federasul.com.br\/congresso\/wp-content\/uploads\/2025\/08\/07-07-2017_IT-GGG5438GGG_Congresso_11-300x200.jpg 300w, https:\/\/federasul.com.br\/congresso\/wp-content\/uploads\/2025\/08\/07-07-2017_IT-GGG5438GGG_Congresso_11-1024x683.jpg 1024w, https:\/\/federasul.com.br\/congresso\/wp-content\/uploads\/2025\/08\/07-07-2017_IT-GGG5438GGG_Congresso_11-768x512.jpg 768w, https:\/\/federasul.com.br\/congresso\/wp-content\/uploads\/2025\/08\/07-07-2017_IT-GGG5438GGG_Congresso_11-1536x1024.jpg 1536w, https:\/\/federasul.com.br\/congresso\/wp-content\/uploads\/2025\/08\/07-07-2017_IT-GGG5438GGG_Congresso_11-2048x1365.jpg 2048w\" sizes=\"(max-width: 2375px) 100vw, 2375px\" \/>\t\t\t\t\t\t\t\t<\/a>\n\t\t\t\t\t\t\t\t\t\t\t\t\t\t\t<\/div>\n\t\t\t\t<\/div>\n\t\t\t\t<div class=\"elementor-element elementor-element-595c7dc elementor-widget elementor-widget-image\" data-id=\"595c7dc\" data-element_type=\"widget\" data-widget_type=\"image.default\">\n\t\t\t\t<div class=\"elementor-widget-container\">\n\t\t\t\t\t\t\t\t\t\t\t\t\t\t\t\t<a href=\"http:\/\/www.federasul.com.br\/congresso2\/wp-content\/uploads\/2025\/08\/07-07-2017_IT-GGG5438GGG_Congresso_17-768x512-1.jpg\" data-elementor-open-lightbox=\"yes\" data-elementor-lightbox-title=\"CONGRESSO DA FEDERASUL  2017- CANELA, RS - 07\/07\/2017.\" data-e-action-hash=\"#elementor-action%3Aaction%3Dlightbox%26settings%3DeyJpZCI6MjA5OCwidXJsIjoiaHR0cHM6XC9cL2ZlZGVyYXN1bC5jb20uYnJcL2NvbmdyZXNzb1wvd3AtY29udGVudFwvdXBsb2Fkc1wvMjAyNVwvMDhcLzA3LTA3LTIwMTdfSVQtR0dHNTQzOEdHR19Db25ncmVzc29fMTctNzY4eDUxMi0xLmpwZyJ9\">\n\t\t\t\t\t\t\t<img loading=\"lazy\" decoding=\"async\" width=\"768\" height=\"512\" src=\"https:\/\/federasul.com.br\/congresso\/wp-content\/uploads\/2025\/08\/07-07-2017_IT-GGG5438GGG_Congresso_17-768x512-1.jpg\" class=\"attachment-full size-full wp-image-2098\" alt=\"\" srcset=\"https:\/\/federasul.com.br\/congresso\/wp-content\/uploads\/2025\/08\/07-07-2017_IT-GGG5438GGG_Congresso_17-768x512-1.jpg 768w, https:\/\/federasul.com.br\/congresso\/wp-content\/uploads\/2025\/08\/07-07-2017_IT-GGG5438GGG_Congresso_17-768x512-1-300x200.jpg 300w\" sizes=\"(max-width: 768px) 100vw, 768px\" \/>\t\t\t\t\t\t\t\t<\/a>\n\t\t\t\t\t\t\t\t\t\t\t\t\t\t\t<\/div>\n\t\t\t\t<\/div>\n\t\t\t\t<div class=\"elementor-element elementor-element-6514bc7 elementor-widget elementor-widget-image\" data-id=\"6514bc7\" data-element_type=\"widget\" data-widget_type=\"image.default\">\n\t\t\t\t<div class=\"elementor-widget-container\">\n\t\t\t\t\t\t\t\t\t\t\t\t\t\t\t\t<a href=\"http:\/\/www.federasul.com.br\/congresso2\/wp-content\/uploads\/2025\/08\/07-07-2017_IT-GGG5438GGG_Congresso_18-e1561634161687-768x587-1-e1756329739786.jpg\" data-elementor-open-lightbox=\"yes\" data-elementor-lightbox-title=\"CONGRESSO DA FEDERASUL  2017- CANELA, RS - 07\/07\/2017.\" data-e-action-hash=\"#elementor-action%3Aaction%3Dlightbox%26settings%3DeyJpZCI6MjA5NywidXJsIjoiaHR0cHM6XC9cL2ZlZGVyYXN1bC5jb20uYnJcL2NvbmdyZXNzb1wvd3AtY29udGVudFwvdXBsb2Fkc1wvMjAyNVwvMDhcLzA3LTA3LTIwMTdfSVQtR0dHNTQzOEdHR19Db25ncmVzc29fMTgtZTE1NjE2MzQxNjE2ODctNzY4eDU4Ny0xLWUxNzU2MzI5NzM5Nzg2LmpwZyJ9\">\n\t\t\t\t\t\t\t<img loading=\"lazy\" decoding=\"async\" width=\"768\" height=\"426\" src=\"https:\/\/federasul.com.br\/congresso\/wp-content\/uploads\/2025\/08\/07-07-2017_IT-GGG5438GGG_Congresso_18-e1561634161687-768x587-1-e1756329739786.jpg\" class=\"attachment-full size-full wp-image-2097\" alt=\"\" srcset=\"https:\/\/federasul.com.br\/congresso\/wp-content\/uploads\/2025\/08\/07-07-2017_IT-GGG5438GGG_Congresso_18-e1561634161687-768x587-1-e1756329739786.jpg 768w, https:\/\/federasul.com.br\/congresso\/wp-content\/uploads\/2025\/08\/07-07-2017_IT-GGG5438GGG_Congresso_18-e1561634161687-768x587-1-e1756329739786-300x166.jpg 300w\" sizes=\"(max-width: 768px) 100vw, 768px\" \/>\t\t\t\t\t\t\t\t<\/a>\n\t\t\t\t\t\t\t\t\t\t\t\t\t\t\t<\/div>\n\t\t\t\t<\/div>\n\t\t\t\t<\/div>\n\t\t\t\t\t<\/div>\n\t\t\t\t<\/div>\n\t\t<div class=\"elementor-element elementor-element-6f3be06 e-flex e-con-boxed e-con e-parent\" data-id=\"6f3be06\" data-element_type=\"container\">\n\t\t\t\t\t<div class=\"e-con-inner\">\n\t\t\t\t<div class=\"elementor-element elementor-element-b207c03 elementor-widget elementor-widget-text-editor\" data-id=\"b207c03\" data-element_type=\"widget\" data-widget_type=\"text-editor.default\">\n\t\t\t\t<div class=\"elementor-widget-container\">\n\t\t\t\t\t\t\t\t\t<h3>Encontro de Executivos da Federasul<\/h3>\t\t\t\t\t\t\t\t<\/div>\n\t\t\t\t<\/div>\n\t\t<div class=\"elementor-element elementor-element-c6d2543 e-con-full e-flex e-con e-child\" data-id=\"c6d2543\" data-element_type=\"container\">\n\t\t\t\t<div class=\"elementor-element elementor-element-06063ce elementor-widget elementor-widget-image\" data-id=\"06063ce\" data-element_type=\"widget\" data-widget_type=\"image.default\">\n\t\t\t\t<div class=\"elementor-widget-container\">\n\t\t\t\t\t\t\t\t\t\t\t\t\t\t\t\t<a href=\"http:\/\/www.federasul.com.br\/congresso2\/wp-content\/uploads\/2025\/08\/07-07-2017_IT-GGG5438GGG_Congresso_39-3-768x512-1.jpg\" data-elementor-open-lightbox=\"yes\" data-elementor-lightbox-title=\"CONGRESSO DA FEDERASUL  2017- CANELA, RS - 07\/07\/2017.\" data-e-action-hash=\"#elementor-action%3Aaction%3Dlightbox%26settings%3DeyJpZCI6MjA5MywidXJsIjoiaHR0cHM6XC9cL2ZlZGVyYXN1bC5jb20uYnJcL2NvbmdyZXNzb1wvd3AtY29udGVudFwvdXBsb2Fkc1wvMjAyNVwvMDhcLzA3LTA3LTIwMTdfSVQtR0dHNTQzOEdHR19Db25ncmVzc29fMzktMy03Njh4NTEyLTEuanBnIn0%3D\">\n\t\t\t\t\t\t\t<img loading=\"lazy\" decoding=\"async\" width=\"768\" height=\"512\" src=\"https:\/\/federasul.com.br\/congresso\/wp-content\/uploads\/2025\/08\/07-07-2017_IT-GGG5438GGG_Congresso_39-3-768x512-1.jpg\" class=\"attachment-full size-full wp-image-2093\" alt=\"\" srcset=\"https:\/\/federasul.com.br\/congresso\/wp-content\/uploads\/2025\/08\/07-07-2017_IT-GGG5438GGG_Congresso_39-3-768x512-1.jpg 768w, https:\/\/federasul.com.br\/congresso\/wp-content\/uploads\/2025\/08\/07-07-2017_IT-GGG5438GGG_Congresso_39-3-768x512-1-300x200.jpg 300w\" sizes=\"(max-width: 768px) 100vw, 768px\" \/>\t\t\t\t\t\t\t\t<\/a>\n\t\t\t\t\t\t\t\t\t\t\t\t\t\t\t<\/div>\n\t\t\t\t<\/div>\n\t\t\t\t<div class=\"elementor-element elementor-element-5e2c693 elementor-widget elementor-widget-image\" data-id=\"5e2c693\" data-element_type=\"widget\" data-widget_type=\"image.default\">\n\t\t\t\t<div class=\"elementor-widget-container\">\n\t\t\t\t\t\t\t\t\t\t\t\t\t\t\t\t<a href=\"http:\/\/www.federasul.com.br\/congresso2\/wp-content\/uploads\/2025\/08\/07-07-2017_IT-GGG5438GGG_Congresso_37-2-768x512-1.jpg\" data-elementor-open-lightbox=\"yes\" data-elementor-lightbox-title=\"CONGRESSO DA FEDERASUL  2017- CANELA, RS - 07\/07\/2017.\" data-e-action-hash=\"#elementor-action%3Aaction%3Dlightbox%26settings%3DeyJpZCI6MjA5NSwidXJsIjoiaHR0cHM6XC9cL2ZlZGVyYXN1bC5jb20uYnJcL2NvbmdyZXNzb1wvd3AtY29udGVudFwvdXBsb2Fkc1wvMjAyNVwvMDhcLzA3LTA3LTIwMTdfSVQtR0dHNTQzOEdHR19Db25ncmVzc29fMzctMi03Njh4NTEyLTEuanBnIn0%3D\">\n\t\t\t\t\t\t\t<img loading=\"lazy\" decoding=\"async\" width=\"768\" height=\"512\" src=\"https:\/\/federasul.com.br\/congresso\/wp-content\/uploads\/2025\/08\/07-07-2017_IT-GGG5438GGG_Congresso_37-2-768x512-1.jpg\" class=\"attachment-full size-full wp-image-2095\" alt=\"\" srcset=\"https:\/\/federasul.com.br\/congresso\/wp-content\/uploads\/2025\/08\/07-07-2017_IT-GGG5438GGG_Congresso_37-2-768x512-1.jpg 768w, https:\/\/federasul.com.br\/congresso\/wp-content\/uploads\/2025\/08\/07-07-2017_IT-GGG5438GGG_Congresso_37-2-768x512-1-300x200.jpg 300w\" sizes=\"(max-width: 768px) 100vw, 768px\" \/>\t\t\t\t\t\t\t\t<\/a>\n\t\t\t\t\t\t\t\t\t\t\t\t\t\t\t<\/div>\n\t\t\t\t<\/div>\n\t\t\t\t<div class=\"elementor-element elementor-element-e685b17 elementor-widget elementor-widget-image\" data-id=\"e685b17\" data-element_type=\"widget\" data-widget_type=\"image.default\">\n\t\t\t\t<div class=\"elementor-widget-container\">\n\t\t\t\t\t\t\t\t\t\t\t\t\t\t\t\t<a href=\"http:\/\/www.federasul.com.br\/congresso2\/wp-content\/uploads\/2025\/08\/07-07-2017_IT-GGG5438GGG_Congresso_32-2-768x512-1.jpg\" data-elementor-open-lightbox=\"yes\" data-elementor-lightbox-title=\"CONGRESSO DA FEDERASUL  2017- CANELA, RS - 07\/07\/2017.\" data-e-action-hash=\"#elementor-action%3Aaction%3Dlightbox%26settings%3DeyJpZCI6MjA5NiwidXJsIjoiaHR0cHM6XC9cL2ZlZGVyYXN1bC5jb20uYnJcL2NvbmdyZXNzb1wvd3AtY29udGVudFwvdXBsb2Fkc1wvMjAyNVwvMDhcLzA3LTA3LTIwMTdfSVQtR0dHNTQzOEdHR19Db25ncmVzc29fMzItMi03Njh4NTEyLTEuanBnIn0%3D\">\n\t\t\t\t\t\t\t<img loading=\"lazy\" decoding=\"async\" width=\"768\" height=\"512\" src=\"https:\/\/federasul.com.br\/congresso\/wp-content\/uploads\/2025\/08\/07-07-2017_IT-GGG5438GGG_Congresso_32-2-768x512-1.jpg\" class=\"attachment-full size-full wp-image-2096\" alt=\"\" srcset=\"https:\/\/federasul.com.br\/congresso\/wp-content\/uploads\/2025\/08\/07-07-2017_IT-GGG5438GGG_Congresso_32-2-768x512-1.jpg 768w, https:\/\/federasul.com.br\/congresso\/wp-content\/uploads\/2025\/08\/07-07-2017_IT-GGG5438GGG_Congresso_32-2-768x512-1-300x200.jpg 300w\" sizes=\"(max-width: 768px) 100vw, 768px\" \/>\t\t\t\t\t\t\t\t<\/a>\n\t\t\t\t\t\t\t\t\t\t\t\t\t\t\t<\/div>\n\t\t\t\t<\/div>\n\t\t\t\t<div class=\"elementor-element elementor-element-91c7905 elementor-widget elementor-widget-image\" data-id=\"91c7905\" data-element_type=\"widget\" data-widget_type=\"image.default\">\n\t\t\t\t<div class=\"elementor-widget-container\">\n\t\t\t\t\t\t\t\t\t\t\t\t\t\t\t\t<a href=\"http:\/\/www.federasul.com.br\/congresso2\/wp-content\/uploads\/2025\/08\/07-07-2017_IT-GGG5438GGG_Congresso_38-2-768x512-1.jpg\" data-elementor-open-lightbox=\"yes\" data-elementor-lightbox-title=\"CONGRESSO DA FEDERASUL  2017- CANELA, RS - 07\/07\/2017.\" data-e-action-hash=\"#elementor-action%3Aaction%3Dlightbox%26settings%3DeyJpZCI6MjA5NCwidXJsIjoiaHR0cHM6XC9cL2ZlZGVyYXN1bC5jb20uYnJcL2NvbmdyZXNzb1wvd3AtY29udGVudFwvdXBsb2Fkc1wvMjAyNVwvMDhcLzA3LTA3LTIwMTdfSVQtR0dHNTQzOEdHR19Db25ncmVzc29fMzgtMi03Njh4NTEyLTEuanBnIn0%3D\">\n\t\t\t\t\t\t\t<img loading=\"lazy\" decoding=\"async\" width=\"768\" height=\"512\" src=\"https:\/\/federasul.com.br\/congresso\/wp-content\/uploads\/2025\/08\/07-07-2017_IT-GGG5438GGG_Congresso_38-2-768x512-1.jpg\" class=\"attachment-full size-full wp-image-2094\" alt=\"\" srcset=\"https:\/\/federasul.com.br\/congresso\/wp-content\/uploads\/2025\/08\/07-07-2017_IT-GGG5438GGG_Congresso_38-2-768x512-1.jpg 768w, https:\/\/federasul.com.br\/congresso\/wp-content\/uploads\/2025\/08\/07-07-2017_IT-GGG5438GGG_Congresso_38-2-768x512-1-300x200.jpg 300w\" sizes=\"(max-width: 768px) 100vw, 768px\" \/>\t\t\t\t\t\t\t\t<\/a>\n\t\t\t\t\t\t\t\t\t\t\t\t\t\t\t<\/div>\n\t\t\t\t<\/div>\n\t\t\t\t<\/div>\n\t\t\t\t\t<\/div>\n\t\t\t\t<\/div>\n\t\t<div class=\"elementor-element elementor-element-d44403b e-flex e-con-boxed e-con e-parent\" data-id=\"d44403b\" data-element_type=\"container\">\n\t\t\t\t\t<div class=\"e-con-inner\">\n\t\t\t\t<div class=\"elementor-element elementor-element-0a61b16 elementor-widget elementor-widget-text-editor\" data-id=\"0a61b16\" data-element_type=\"widget\" data-widget_type=\"text-editor.default\">\n\t\t\t\t<div class=\"elementor-widget-container\">\n\t\t\t\t\t\t\t\t\t<h3>07\/07 tarde<\/h3>\t\t\t\t\t\t\t\t<\/div>\n\t\t\t\t<\/div>\n\t\t<div class=\"elementor-element elementor-element-5bf7f10 e-con-full e-flex e-con e-child\" data-id=\"5bf7f10\" data-element_type=\"container\">\n\t\t\t\t<div class=\"elementor-element elementor-element-ab73f7f elementor-widget elementor-widget-image\" data-id=\"ab73f7f\" data-element_type=\"widget\" data-widget_type=\"image.default\">\n\t\t\t\t<div class=\"elementor-widget-container\">\n\t\t\t\t\t\t\t\t\t\t\t\t\t\t\t\t<a href=\"http:\/\/www.federasul.com.br\/congresso2\/wp-content\/uploads\/2025\/08\/07-07-2017_IT-GGG5440GG-15h45_61-768x512-1.jpg\" data-elementor-open-lightbox=\"yes\" data-elementor-lightbox-title=\"CONGRESSO DA FEDERASUL  2017- CANELA, RS - 07\/07\/2017.\" data-e-action-hash=\"#elementor-action%3Aaction%3Dlightbox%26settings%3DeyJpZCI6MjA4OSwidXJsIjoiaHR0cHM6XC9cL2ZlZGVyYXN1bC5jb20uYnJcL2NvbmdyZXNzb1wvd3AtY29udGVudFwvdXBsb2Fkc1wvMjAyNVwvMDhcLzA3LTA3LTIwMTdfSVQtR0dHNTQ0MEdHLTE1aDQ1XzYxLTc2OHg1MTItMS5qcGcifQ%3D%3D\">\n\t\t\t\t\t\t\t<img loading=\"lazy\" decoding=\"async\" width=\"768\" height=\"512\" src=\"https:\/\/federasul.com.br\/congresso\/wp-content\/uploads\/2025\/08\/07-07-2017_IT-GGG5440GG-15h45_61-768x512-1.jpg\" class=\"attachment-full size-full wp-image-2089\" alt=\"\" srcset=\"https:\/\/federasul.com.br\/congresso\/wp-content\/uploads\/2025\/08\/07-07-2017_IT-GGG5440GG-15h45_61-768x512-1.jpg 768w, https:\/\/federasul.com.br\/congresso\/wp-content\/uploads\/2025\/08\/07-07-2017_IT-GGG5440GG-15h45_61-768x512-1-300x200.jpg 300w\" sizes=\"(max-width: 768px) 100vw, 768px\" \/>\t\t\t\t\t\t\t\t<\/a>\n\t\t\t\t\t\t\t\t\t\t\t\t\t\t\t<\/div>\n\t\t\t\t<\/div>\n\t\t\t\t<div class=\"elementor-element elementor-element-d380564 elementor-widget elementor-widget-image\" data-id=\"d380564\" data-element_type=\"widget\" data-widget_type=\"image.default\">\n\t\t\t\t<div class=\"elementor-widget-container\">\n\t\t\t\t\t\t\t\t\t\t\t\t\t\t\t\t<a href=\"http:\/\/www.federasul.com.br\/congresso2\/wp-content\/uploads\/2025\/08\/07-07-2017_IT-GGG5440GG-15h45_57-768x512-1.jpg\" data-elementor-open-lightbox=\"yes\" data-elementor-lightbox-title=\"CONGRESSO DA FEDERASUL  2017- CANELA, RS - 07\/07\/2017.\" data-e-action-hash=\"#elementor-action%3Aaction%3Dlightbox%26settings%3DeyJpZCI6MjA5MSwidXJsIjoiaHR0cHM6XC9cL2ZlZGVyYXN1bC5jb20uYnJcL2NvbmdyZXNzb1wvd3AtY29udGVudFwvdXBsb2Fkc1wvMjAyNVwvMDhcLzA3LTA3LTIwMTdfSVQtR0dHNTQ0MEdHLTE1aDQ1XzU3LTc2OHg1MTItMS5qcGcifQ%3D%3D\">\n\t\t\t\t\t\t\t<img loading=\"lazy\" decoding=\"async\" width=\"768\" height=\"512\" src=\"https:\/\/federasul.com.br\/congresso\/wp-content\/uploads\/2025\/08\/07-07-2017_IT-GGG5440GG-15h45_57-768x512-1.jpg\" class=\"attachment-full size-full wp-image-2091\" alt=\"\" srcset=\"https:\/\/federasul.com.br\/congresso\/wp-content\/uploads\/2025\/08\/07-07-2017_IT-GGG5440GG-15h45_57-768x512-1.jpg 768w, https:\/\/federasul.com.br\/congresso\/wp-content\/uploads\/2025\/08\/07-07-2017_IT-GGG5440GG-15h45_57-768x512-1-300x200.jpg 300w\" sizes=\"(max-width: 768px) 100vw, 768px\" \/>\t\t\t\t\t\t\t\t<\/a>\n\t\t\t\t\t\t\t\t\t\t\t\t\t\t\t<\/div>\n\t\t\t\t<\/div>\n\t\t\t\t<div class=\"elementor-element elementor-element-f0efdf1 elementor-widget elementor-widget-image\" data-id=\"f0efdf1\" data-element_type=\"widget\" data-widget_type=\"image.default\">\n\t\t\t\t<div class=\"elementor-widget-container\">\n\t\t\t\t\t\t\t\t\t\t\t\t\t\t\t\t<a href=\"http:\/\/www.federasul.com.br\/congresso2\/wp-content\/uploads\/2025\/08\/07-07-2017_IT-GGG5440GG-15h45_55-768x512-1.jpg\" data-elementor-open-lightbox=\"yes\" data-elementor-lightbox-title=\"CONGRESSO DA FEDERASUL  2017- CANELA, RS - 07\/07\/2017.\" data-e-action-hash=\"#elementor-action%3Aaction%3Dlightbox%26settings%3DeyJpZCI6MjA5MiwidXJsIjoiaHR0cHM6XC9cL2ZlZGVyYXN1bC5jb20uYnJcL2NvbmdyZXNzb1wvd3AtY29udGVudFwvdXBsb2Fkc1wvMjAyNVwvMDhcLzA3LTA3LTIwMTdfSVQtR0dHNTQ0MEdHLTE1aDQ1XzU1LTc2OHg1MTItMS5qcGcifQ%3D%3D\">\n\t\t\t\t\t\t\t<img loading=\"lazy\" decoding=\"async\" width=\"768\" height=\"512\" src=\"https:\/\/federasul.com.br\/congresso\/wp-content\/uploads\/2025\/08\/07-07-2017_IT-GGG5440GG-15h45_55-768x512-1.jpg\" class=\"attachment-full size-full wp-image-2092\" alt=\"\" srcset=\"https:\/\/federasul.com.br\/congresso\/wp-content\/uploads\/2025\/08\/07-07-2017_IT-GGG5440GG-15h45_55-768x512-1.jpg 768w, https:\/\/federasul.com.br\/congresso\/wp-content\/uploads\/2025\/08\/07-07-2017_IT-GGG5440GG-15h45_55-768x512-1-300x200.jpg 300w\" sizes=\"(max-width: 768px) 100vw, 768px\" \/>\t\t\t\t\t\t\t\t<\/a>\n\t\t\t\t\t\t\t\t\t\t\t\t\t\t\t<\/div>\n\t\t\t\t<\/div>\n\t\t\t\t<div class=\"elementor-element elementor-element-9d3a20f elementor-widget elementor-widget-image\" data-id=\"9d3a20f\" data-element_type=\"widget\" data-widget_type=\"image.default\">\n\t\t\t\t<div class=\"elementor-widget-container\">\n\t\t\t\t\t\t\t\t\t\t\t\t\t\t\t\t<a href=\"http:\/\/www.federasul.com.br\/congresso2\/wp-content\/uploads\/2025\/08\/07-07-2017_IT-GGG5440GG-15h45_60-768x512-1.jpg\" data-elementor-open-lightbox=\"yes\" data-elementor-lightbox-title=\"CONGRESSO DA FEDERASUL  2017- CANELA, RS - 07\/07\/2017.\" data-e-action-hash=\"#elementor-action%3Aaction%3Dlightbox%26settings%3DeyJpZCI6MjA5MCwidXJsIjoiaHR0cHM6XC9cL2ZlZGVyYXN1bC5jb20uYnJcL2NvbmdyZXNzb1wvd3AtY29udGVudFwvdXBsb2Fkc1wvMjAyNVwvMDhcLzA3LTA3LTIwMTdfSVQtR0dHNTQ0MEdHLTE1aDQ1XzYwLTc2OHg1MTItMS5qcGcifQ%3D%3D\">\n\t\t\t\t\t\t\t<img loading=\"lazy\" decoding=\"async\" width=\"768\" height=\"512\" src=\"https:\/\/federasul.com.br\/congresso\/wp-content\/uploads\/2025\/08\/07-07-2017_IT-GGG5440GG-15h45_60-768x512-1.jpg\" class=\"attachment-full size-full wp-image-2090\" alt=\"\" srcset=\"https:\/\/federasul.com.br\/congresso\/wp-content\/uploads\/2025\/08\/07-07-2017_IT-GGG5440GG-15h45_60-768x512-1.jpg 768w, https:\/\/federasul.com.br\/congresso\/wp-content\/uploads\/2025\/08\/07-07-2017_IT-GGG5440GG-15h45_60-768x512-1-300x200.jpg 300w\" sizes=\"(max-width: 768px) 100vw, 768px\" \/>\t\t\t\t\t\t\t\t<\/a>\n\t\t\t\t\t\t\t\t\t\t\t\t\t\t\t<\/div>\n\t\t\t\t<\/div>\n\t\t\t\t<\/div>\n\t\t\t\t\t<\/div>\n\t\t\t\t<\/div>\n\t\t<div class=\"elementor-element elementor-element-1207494 e-flex e-con-boxed e-con e-parent\" data-id=\"1207494\" data-element_type=\"container\">\n\t\t\t\t\t<div class=\"e-con-inner\">\n\t\t\t\t<div class=\"elementor-element elementor-element-e802d55 elementor-widget elementor-widget-text-editor\" data-id=\"e802d55\" data-element_type=\"widget\" data-widget_type=\"text-editor.default\">\n\t\t\t\t<div class=\"elementor-widget-container\">\n\t\t\t\t\t\t\t\t\t<h3>Abertura Congresso<\/h3>\t\t\t\t\t\t\t\t<\/div>\n\t\t\t\t<\/div>\n\t\t<div class=\"elementor-element elementor-element-2adde7a e-con-full e-flex e-con e-child\" data-id=\"2adde7a\" data-element_type=\"container\">\n\t\t\t\t<div class=\"elementor-element elementor-element-27fbdef elementor-widget elementor-widget-image\" data-id=\"27fbdef\" data-element_type=\"widget\" data-widget_type=\"image.default\">\n\t\t\t\t<div class=\"elementor-widget-container\">\n\t\t\t\t\t\t\t\t\t\t\t\t\t\t\t\t<a href=\"http:\/\/www.federasul.com.br\/congresso2\/wp-content\/uploads\/2025\/08\/07-07-2017_IT-GGG5440GG-Abertura_35-683x1024-1-e1756329814904.jpg\" data-elementor-open-lightbox=\"yes\" data-elementor-lightbox-title=\"CONGRESSO DA FEDERASUL  2017- CANELA, RS - 07\/07\/2017.\" data-e-action-hash=\"#elementor-action%3Aaction%3Dlightbox%26settings%3DeyJpZCI6MjA4NywidXJsIjoiaHR0cHM6XC9cL2ZlZGVyYXN1bC5jb20uYnJcL2NvbmdyZXNzb1wvd3AtY29udGVudFwvdXBsb2Fkc1wvMjAyNVwvMDhcLzA3LTA3LTIwMTdfSVQtR0dHNTQ0MEdHLUFiZXJ0dXJhXzM1LTY4M3gxMDI0LTEtZTE3NTYzMjk4MTQ5MDQuanBnIn0%3D\">\n\t\t\t\t\t\t\t<img loading=\"lazy\" decoding=\"async\" width=\"683\" height=\"454\" src=\"https:\/\/federasul.com.br\/congresso\/wp-content\/uploads\/2025\/08\/07-07-2017_IT-GGG5440GG-Abertura_35-683x1024-1-e1756329814904.jpg\" class=\"attachment-full size-full wp-image-2087\" alt=\"\" srcset=\"https:\/\/federasul.com.br\/congresso\/wp-content\/uploads\/2025\/08\/07-07-2017_IT-GGG5440GG-Abertura_35-683x1024-1-e1756329814904.jpg 683w, https:\/\/federasul.com.br\/congresso\/wp-content\/uploads\/2025\/08\/07-07-2017_IT-GGG5440GG-Abertura_35-683x1024-1-e1756329814904-300x199.jpg 300w\" sizes=\"(max-width: 683px) 100vw, 683px\" \/>\t\t\t\t\t\t\t\t<\/a>\n\t\t\t\t\t\t\t\t\t\t\t\t\t\t\t<\/div>\n\t\t\t\t<\/div>\n\t\t\t\t<div class=\"elementor-element elementor-element-a7b99fd elementor-widget elementor-widget-image\" data-id=\"a7b99fd\" data-element_type=\"widget\" data-widget_type=\"image.default\">\n\t\t\t\t<div class=\"elementor-widget-container\">\n\t\t\t\t\t\t\t\t\t\t\t\t\t\t\t\t<a href=\"http:\/\/www.federasul.com.br\/congresso2\/wp-content\/uploads\/2025\/08\/07-07-2017_IT-GGG5440GG-Abertura_38-768x512-1.jpg\" data-elementor-open-lightbox=\"yes\" data-elementor-lightbox-title=\"CONGRESSO DA FEDERASUL  2017- CANELA, RS - 07\/07\/2017.\" data-e-action-hash=\"#elementor-action%3Aaction%3Dlightbox%26settings%3DeyJpZCI6MjA4NiwidXJsIjoiaHR0cHM6XC9cL2ZlZGVyYXN1bC5jb20uYnJcL2NvbmdyZXNzb1wvd3AtY29udGVudFwvdXBsb2Fkc1wvMjAyNVwvMDhcLzA3LTA3LTIwMTdfSVQtR0dHNTQ0MEdHLUFiZXJ0dXJhXzM4LTc2OHg1MTItMS5qcGcifQ%3D%3D\">\n\t\t\t\t\t\t\t<img loading=\"lazy\" decoding=\"async\" width=\"768\" height=\"512\" src=\"https:\/\/federasul.com.br\/congresso\/wp-content\/uploads\/2025\/08\/07-07-2017_IT-GGG5440GG-Abertura_38-768x512-1.jpg\" class=\"attachment-full size-full wp-image-2086\" alt=\"\" srcset=\"https:\/\/federasul.com.br\/congresso\/wp-content\/uploads\/2025\/08\/07-07-2017_IT-GGG5440GG-Abertura_38-768x512-1.jpg 768w, https:\/\/federasul.com.br\/congresso\/wp-content\/uploads\/2025\/08\/07-07-2017_IT-GGG5440GG-Abertura_38-768x512-1-300x200.jpg 300w\" sizes=\"(max-width: 768px) 100vw, 768px\" \/>\t\t\t\t\t\t\t\t<\/a>\n\t\t\t\t\t\t\t\t\t\t\t\t\t\t\t<\/div>\n\t\t\t\t<\/div>\n\t\t\t\t<div class=\"elementor-element elementor-element-5d8c1e1 elementor-widget elementor-widget-image\" data-id=\"5d8c1e1\" data-element_type=\"widget\" data-widget_type=\"image.default\">\n\t\t\t\t<div class=\"elementor-widget-container\">\n\t\t\t\t\t\t\t\t\t\t\t\t\t\t\t\t<a href=\"http:\/\/www.federasul.com.br\/congresso2\/wp-content\/uploads\/2025\/08\/07-07-2017_IT-GGG5440GG-Abertura_33-768x512-1.jpg\" data-elementor-open-lightbox=\"yes\" data-elementor-lightbox-title=\"CONGRESSO DA FEDERASUL  2017- CANELA, RS - 07\/07\/2017.\" data-e-action-hash=\"#elementor-action%3Aaction%3Dlightbox%26settings%3DeyJpZCI6MjA4OCwidXJsIjoiaHR0cHM6XC9cL2ZlZGVyYXN1bC5jb20uYnJcL2NvbmdyZXNzb1wvd3AtY29udGVudFwvdXBsb2Fkc1wvMjAyNVwvMDhcLzA3LTA3LTIwMTdfSVQtR0dHNTQ0MEdHLUFiZXJ0dXJhXzMzLTc2OHg1MTItMS5qcGcifQ%3D%3D\">\n\t\t\t\t\t\t\t<img loading=\"lazy\" decoding=\"async\" width=\"768\" height=\"512\" src=\"https:\/\/federasul.com.br\/congresso\/wp-content\/uploads\/2025\/08\/07-07-2017_IT-GGG5440GG-Abertura_33-768x512-1.jpg\" class=\"attachment-full size-full wp-image-2088\" alt=\"\" srcset=\"https:\/\/federasul.com.br\/congresso\/wp-content\/uploads\/2025\/08\/07-07-2017_IT-GGG5440GG-Abertura_33-768x512-1.jpg 768w, https:\/\/federasul.com.br\/congresso\/wp-content\/uploads\/2025\/08\/07-07-2017_IT-GGG5440GG-Abertura_33-768x512-1-300x200.jpg 300w\" sizes=\"(max-width: 768px) 100vw, 768px\" \/>\t\t\t\t\t\t\t\t<\/a>\n\t\t\t\t\t\t\t\t\t\t\t\t\t\t\t<\/div>\n\t\t\t\t<\/div>\n\t\t\t\t<div class=\"elementor-element elementor-element-a05d71b elementor-widget elementor-widget-image\" data-id=\"a05d71b\" data-element_type=\"widget\" data-widget_type=\"image.default\">\n\t\t\t\t<div class=\"elementor-widget-container\">\n\t\t\t\t\t\t\t\t\t\t\t\t\t\t\t\t<a href=\"http:\/\/www.federasul.com.br\/congresso2\/wp-content\/uploads\/2025\/08\/07-07-2017_IT-GGG5440GG-Abertura_41-768x512-1.jpg\" data-elementor-open-lightbox=\"yes\" data-elementor-lightbox-title=\"CONGRESSO DA FEDERASUL  2017- CANELA, RS - 07\/07\/2017.\" data-e-action-hash=\"#elementor-action%3Aaction%3Dlightbox%26settings%3DeyJpZCI6MjA4NSwidXJsIjoiaHR0cHM6XC9cL2ZlZGVyYXN1bC5jb20uYnJcL2NvbmdyZXNzb1wvd3AtY29udGVudFwvdXBsb2Fkc1wvMjAyNVwvMDhcLzA3LTA3LTIwMTdfSVQtR0dHNTQ0MEdHLUFiZXJ0dXJhXzQxLTc2OHg1MTItMS5qcGcifQ%3D%3D\">\n\t\t\t\t\t\t\t<img loading=\"lazy\" decoding=\"async\" width=\"768\" height=\"512\" src=\"https:\/\/federasul.com.br\/congresso\/wp-content\/uploads\/2025\/08\/07-07-2017_IT-GGG5440GG-Abertura_41-768x512-1.jpg\" class=\"attachment-full size-full wp-image-2085\" alt=\"\" srcset=\"https:\/\/federasul.com.br\/congresso\/wp-content\/uploads\/2025\/08\/07-07-2017_IT-GGG5440GG-Abertura_41-768x512-1.jpg 768w, https:\/\/federasul.com.br\/congresso\/wp-content\/uploads\/2025\/08\/07-07-2017_IT-GGG5440GG-Abertura_41-768x512-1-300x200.jpg 300w\" sizes=\"(max-width: 768px) 100vw, 768px\" \/>\t\t\t\t\t\t\t\t<\/a>\n\t\t\t\t\t\t\t\t\t\t\t\t\t\t\t<\/div>\n\t\t\t\t<\/div>\n\t\t\t\t<\/div>\n\t\t\t\t\t<\/div>\n\t\t\t\t<\/div>\n\t\t<div class=\"elementor-element elementor-element-e290dd1 e-flex e-con-boxed e-con e-parent\" data-id=\"e290dd1\" data-element_type=\"container\">\n\t\t\t\t\t<div class=\"e-con-inner\">\n\t\t\t\t<div class=\"elementor-element elementor-element-6c62eaf elementor-widget elementor-widget-text-editor\" data-id=\"6c62eaf\" data-element_type=\"widget\" data-widget_type=\"text-editor.default\">\n\t\t\t\t<div class=\"elementor-widget-container\">\n\t\t\t\t\t\t\t\t\t<h3>Jantar<\/h3>\t\t\t\t\t\t\t\t<\/div>\n\t\t\t\t<\/div>\n\t\t<div class=\"elementor-element elementor-element-7c6299e e-con-full e-flex e-con e-child\" data-id=\"7c6299e\" data-element_type=\"container\">\n\t\t\t\t<div class=\"elementor-element elementor-element-b342ff0 elementor-widget elementor-widget-image\" data-id=\"b342ff0\" data-element_type=\"widget\" data-widget_type=\"image.default\">\n\t\t\t\t<div class=\"elementor-widget-container\">\n\t\t\t\t\t\t\t\t\t\t\t\t\t\t\t\t<a href=\"http:\/\/www.federasul.com.br\/congresso2\/wp-content\/uploads\/2025\/08\/07-07-2017_IT-GGG5440GG-Jantar_14-768x512-1.jpg\" data-elementor-open-lightbox=\"yes\" data-elementor-lightbox-title=\"CONGRESSO DA FEDERASUL  2017- CANELA, RS - 07\/07\/2017.\" data-e-action-hash=\"#elementor-action%3Aaction%3Dlightbox%26settings%3DeyJpZCI6MjA4MiwidXJsIjoiaHR0cHM6XC9cL2ZlZGVyYXN1bC5jb20uYnJcL2NvbmdyZXNzb1wvd3AtY29udGVudFwvdXBsb2Fkc1wvMjAyNVwvMDhcLzA3LTA3LTIwMTdfSVQtR0dHNTQ0MEdHLUphbnRhcl8xNC03Njh4NTEyLTEuanBnIn0%3D\">\n\t\t\t\t\t\t\t<img loading=\"lazy\" decoding=\"async\" width=\"768\" height=\"512\" src=\"https:\/\/federasul.com.br\/congresso\/wp-content\/uploads\/2025\/08\/07-07-2017_IT-GGG5440GG-Jantar_14-768x512-1.jpg\" class=\"attachment-full size-full wp-image-2082\" alt=\"\" srcset=\"https:\/\/federasul.com.br\/congresso\/wp-content\/uploads\/2025\/08\/07-07-2017_IT-GGG5440GG-Jantar_14-768x512-1.jpg 768w, https:\/\/federasul.com.br\/congresso\/wp-content\/uploads\/2025\/08\/07-07-2017_IT-GGG5440GG-Jantar_14-768x512-1-300x200.jpg 300w\" sizes=\"(max-width: 768px) 100vw, 768px\" \/>\t\t\t\t\t\t\t\t<\/a>\n\t\t\t\t\t\t\t\t\t\t\t\t\t\t\t<\/div>\n\t\t\t\t<\/div>\n\t\t\t\t<div class=\"elementor-element elementor-element-04f71a1 elementor-widget elementor-widget-image\" data-id=\"04f71a1\" data-element_type=\"widget\" data-widget_type=\"image.default\">\n\t\t\t\t<div class=\"elementor-widget-container\">\n\t\t\t\t\t\t\t\t\t\t\t\t\t\t\t\t<a href=\"http:\/\/www.federasul.com.br\/congresso2\/wp-content\/uploads\/2025\/08\/07-07-2017_IT-GGG5440GG-Jantar_12-768x512-1.jpg\" data-elementor-open-lightbox=\"yes\" data-elementor-lightbox-title=\"CONGRESSO DA FEDERASUL  2017- CANELA, RS - 07\/07\/2017.\" data-e-action-hash=\"#elementor-action%3Aaction%3Dlightbox%26settings%3DeyJpZCI6MjA4NCwidXJsIjoiaHR0cHM6XC9cL2ZlZGVyYXN1bC5jb20uYnJcL2NvbmdyZXNzb1wvd3AtY29udGVudFwvdXBsb2Fkc1wvMjAyNVwvMDhcLzA3LTA3LTIwMTdfSVQtR0dHNTQ0MEdHLUphbnRhcl8xMi03Njh4NTEyLTEuanBnIn0%3D\">\n\t\t\t\t\t\t\t<img loading=\"lazy\" decoding=\"async\" width=\"768\" height=\"512\" src=\"https:\/\/federasul.com.br\/congresso\/wp-content\/uploads\/2025\/08\/07-07-2017_IT-GGG5440GG-Jantar_12-768x512-1.jpg\" class=\"attachment-full size-full wp-image-2084\" alt=\"\" srcset=\"https:\/\/federasul.com.br\/congresso\/wp-content\/uploads\/2025\/08\/07-07-2017_IT-GGG5440GG-Jantar_12-768x512-1.jpg 768w, https:\/\/federasul.com.br\/congresso\/wp-content\/uploads\/2025\/08\/07-07-2017_IT-GGG5440GG-Jantar_12-768x512-1-300x200.jpg 300w\" sizes=\"(max-width: 768px) 100vw, 768px\" \/>\t\t\t\t\t\t\t\t<\/a>\n\t\t\t\t\t\t\t\t\t\t\t\t\t\t\t<\/div>\n\t\t\t\t<\/div>\n\t\t\t\t<div class=\"elementor-element elementor-element-62b1a13 elementor-widget elementor-widget-image\" data-id=\"62b1a13\" data-element_type=\"widget\" data-widget_type=\"image.default\">\n\t\t\t\t<div class=\"elementor-widget-container\">\n\t\t\t\t\t\t\t\t\t\t\t\t\t\t\t\t<a href=\"http:\/\/www.federasul.com.br\/congresso2\/wp-content\/uploads\/2025\/08\/07-07-2017_IT-GGG5440GG-Jantar_13-768x512-1.jpg\" data-elementor-open-lightbox=\"yes\" data-elementor-lightbox-title=\"CONGRESSO DA FEDERASUL  2017- CANELA, RS - 07\/07\/2017.\" data-e-action-hash=\"#elementor-action%3Aaction%3Dlightbox%26settings%3DeyJpZCI6MjA4MywidXJsIjoiaHR0cHM6XC9cL2ZlZGVyYXN1bC5jb20uYnJcL2NvbmdyZXNzb1wvd3AtY29udGVudFwvdXBsb2Fkc1wvMjAyNVwvMDhcLzA3LTA3LTIwMTdfSVQtR0dHNTQ0MEdHLUphbnRhcl8xMy03Njh4NTEyLTEuanBnIn0%3D\">\n\t\t\t\t\t\t\t<img loading=\"lazy\" decoding=\"async\" width=\"768\" height=\"512\" src=\"https:\/\/federasul.com.br\/congresso\/wp-content\/uploads\/2025\/08\/07-07-2017_IT-GGG5440GG-Jantar_13-768x512-1.jpg\" class=\"attachment-full size-full wp-image-2083\" alt=\"\" srcset=\"https:\/\/federasul.com.br\/congresso\/wp-content\/uploads\/2025\/08\/07-07-2017_IT-GGG5440GG-Jantar_13-768x512-1.jpg 768w, https:\/\/federasul.com.br\/congresso\/wp-content\/uploads\/2025\/08\/07-07-2017_IT-GGG5440GG-Jantar_13-768x512-1-300x200.jpg 300w\" sizes=\"(max-width: 768px) 100vw, 768px\" \/>\t\t\t\t\t\t\t\t<\/a>\n\t\t\t\t\t\t\t\t\t\t\t\t\t\t\t<\/div>\n\t\t\t\t<\/div>\n\t\t\t\t<div class=\"elementor-element elementor-element-81b7eaa elementor-widget elementor-widget-image\" data-id=\"81b7eaa\" data-element_type=\"widget\" data-widget_type=\"image.default\">\n\t\t\t\t<div class=\"elementor-widget-container\">\n\t\t\t\t\t\t\t\t\t\t\t\t\t\t\t\t<a href=\"http:\/\/www.federasul.com.br\/congresso2\/wp-content\/uploads\/2025\/08\/07-07-2017_IT-GGG5440GG-Jantar_15-768x512-1.jpg\" data-elementor-open-lightbox=\"yes\" data-elementor-lightbox-title=\"CONGRESSO DA FEDERASUL  2017- CANELA, RS - 07\/07\/2017.\" data-e-action-hash=\"#elementor-action%3Aaction%3Dlightbox%26settings%3DeyJpZCI6MjA4MSwidXJsIjoiaHR0cHM6XC9cL2ZlZGVyYXN1bC5jb20uYnJcL2NvbmdyZXNzb1wvd3AtY29udGVudFwvdXBsb2Fkc1wvMjAyNVwvMDhcLzA3LTA3LTIwMTdfSVQtR0dHNTQ0MEdHLUphbnRhcl8xNS03Njh4NTEyLTEuanBnIn0%3D\">\n\t\t\t\t\t\t\t<img loading=\"lazy\" decoding=\"async\" width=\"768\" height=\"512\" src=\"https:\/\/federasul.com.br\/congresso\/wp-content\/uploads\/2025\/08\/07-07-2017_IT-GGG5440GG-Jantar_15-768x512-1.jpg\" class=\"attachment-full size-full wp-image-2081\" alt=\"\" srcset=\"https:\/\/federasul.com.br\/congresso\/wp-content\/uploads\/2025\/08\/07-07-2017_IT-GGG5440GG-Jantar_15-768x512-1.jpg 768w, https:\/\/federasul.com.br\/congresso\/wp-content\/uploads\/2025\/08\/07-07-2017_IT-GGG5440GG-Jantar_15-768x512-1-300x200.jpg 300w\" sizes=\"(max-width: 768px) 100vw, 768px\" \/>\t\t\t\t\t\t\t\t<\/a>\n\t\t\t\t\t\t\t\t\t\t\t\t\t\t\t<\/div>\n\t\t\t\t<\/div>\n\t\t\t\t<\/div>\n\t\t\t\t\t<\/div>\n\t\t\t\t<\/div>\n\t\t<div class=\"elementor-element elementor-element-ae49145 e-flex e-con-boxed e-con e-parent\" data-id=\"ae49145\" data-element_type=\"container\">\n\t\t\t\t\t<div class=\"e-con-inner\">\n\t\t\t\t<div class=\"elementor-element elementor-element-d769ae3 elementor-widget elementor-widget-text-editor\" data-id=\"d769ae3\" data-element_type=\"widget\" data-widget_type=\"text-editor.default\">\n\t\t\t\t<div class=\"elementor-widget-container\">\n\t\t\t\t\t\t\t\t\t<h3>s\u00e1bado manh\u00e3<\/h3>\t\t\t\t\t\t\t\t<\/div>\n\t\t\t\t<\/div>\n\t\t<div class=\"elementor-element elementor-element-3cec8b4 e-con-full e-grid e-con e-child\" data-id=\"3cec8b4\" data-element_type=\"container\">\n\t\t\t\t<div class=\"elementor-element elementor-element-34f5653 elementor-widget elementor-widget-image\" data-id=\"34f5653\" data-element_type=\"widget\" data-widget_type=\"image.default\">\n\t\t\t\t<div class=\"elementor-widget-container\">\n\t\t\t\t\t\t\t\t\t\t\t\t\t\t\t\t<a href=\"http:\/\/www.federasul.com.br\/congresso2\/wp-content\/uploads\/2025\/08\/08-07-2017_IT-GGG5440GG-Case_Rol_Rioz37-768x512-1.jpg\" data-elementor-open-lightbox=\"yes\" data-elementor-lightbox-title=\"CONGRESSO DA FEDERASUL  2017 - CANELA, RS - 08\/07\/2017.\" data-e-action-hash=\"#elementor-action%3Aaction%3Dlightbox%26settings%3DeyJpZCI6MjA3NywidXJsIjoiaHR0cHM6XC9cL2ZlZGVyYXN1bC5jb20uYnJcL2NvbmdyZXNzb1wvd3AtY29udGVudFwvdXBsb2Fkc1wvMjAyNVwvMDhcLzA4LTA3LTIwMTdfSVQtR0dHNTQ0MEdHLUNhc2VfUm9sX1Jpb3ozNy03Njh4NTEyLTEuanBnIn0%3D\">\n\t\t\t\t\t\t\t<img loading=\"lazy\" decoding=\"async\" width=\"768\" height=\"512\" src=\"https:\/\/federasul.com.br\/congresso\/wp-content\/uploads\/2025\/08\/08-07-2017_IT-GGG5440GG-Case_Rol_Rioz37-768x512-1.jpg\" class=\"attachment-full size-full wp-image-2077\" alt=\"\" srcset=\"https:\/\/federasul.com.br\/congresso\/wp-content\/uploads\/2025\/08\/08-07-2017_IT-GGG5440GG-Case_Rol_Rioz37-768x512-1.jpg 768w, https:\/\/federasul.com.br\/congresso\/wp-content\/uploads\/2025\/08\/08-07-2017_IT-GGG5440GG-Case_Rol_Rioz37-768x512-1-300x200.jpg 300w\" sizes=\"(max-width: 768px) 100vw, 768px\" \/>\t\t\t\t\t\t\t\t<\/a>\n\t\t\t\t\t\t\t\t\t\t\t\t\t\t\t<\/div>\n\t\t\t\t<\/div>\n\t\t\t\t<div class=\"elementor-element elementor-element-7c958b9 elementor-widget elementor-widget-image\" data-id=\"7c958b9\" data-element_type=\"widget\" data-widget_type=\"image.default\">\n\t\t\t\t<div class=\"elementor-widget-container\">\n\t\t\t\t\t\t\t\t\t\t\t\t\t\t\t\t<a href=\"http:\/\/www.federasul.com.br\/congresso2\/wp-content\/uploads\/2025\/08\/08-07-2017_IT-GGG5440GG-Case_Rol_Rioz35-768x512-1.jpg\" data-elementor-open-lightbox=\"yes\" data-elementor-lightbox-title=\"CONGRESSO DA FEDERASUL  2017 - CANELA, RS - 08\/07\/2017.\" data-e-action-hash=\"#elementor-action%3Aaction%3Dlightbox%26settings%3DeyJpZCI6MjA3OSwidXJsIjoiaHR0cHM6XC9cL2ZlZGVyYXN1bC5jb20uYnJcL2NvbmdyZXNzb1wvd3AtY29udGVudFwvdXBsb2Fkc1wvMjAyNVwvMDhcLzA4LTA3LTIwMTdfSVQtR0dHNTQ0MEdHLUNhc2VfUm9sX1Jpb3ozNS03Njh4NTEyLTEuanBnIn0%3D\">\n\t\t\t\t\t\t\t<img loading=\"lazy\" decoding=\"async\" width=\"768\" height=\"512\" src=\"https:\/\/federasul.com.br\/congresso\/wp-content\/uploads\/2025\/08\/08-07-2017_IT-GGG5440GG-Case_Rol_Rioz35-768x512-1.jpg\" class=\"attachment-full size-full wp-image-2079\" alt=\"\" srcset=\"https:\/\/federasul.com.br\/congresso\/wp-content\/uploads\/2025\/08\/08-07-2017_IT-GGG5440GG-Case_Rol_Rioz35-768x512-1.jpg 768w, https:\/\/federasul.com.br\/congresso\/wp-content\/uploads\/2025\/08\/08-07-2017_IT-GGG5440GG-Case_Rol_Rioz35-768x512-1-300x200.jpg 300w\" sizes=\"(max-width: 768px) 100vw, 768px\" \/>\t\t\t\t\t\t\t\t<\/a>\n\t\t\t\t\t\t\t\t\t\t\t\t\t\t\t<\/div>\n\t\t\t\t<\/div>\n\t\t\t\t<div class=\"elementor-element elementor-element-5de59ff elementor-widget elementor-widget-image\" data-id=\"5de59ff\" data-element_type=\"widget\" data-widget_type=\"image.default\">\n\t\t\t\t<div class=\"elementor-widget-container\">\n\t\t\t\t\t\t\t\t\t\t\t\t\t\t\t\t<a href=\"http:\/\/www.federasul.com.br\/congresso2\/wp-content\/uploads\/2025\/08\/08-07-2017_IT-GGG5440GG-Case_Rol_Rioz36-768x512-1.jpg\" data-elementor-open-lightbox=\"yes\" data-elementor-lightbox-title=\"CONGRESSO DA FEDERASUL  2017 - CANELA, RS - 08\/07\/2017.\" data-e-action-hash=\"#elementor-action%3Aaction%3Dlightbox%26settings%3DeyJpZCI6MjA3OCwidXJsIjoiaHR0cHM6XC9cL2ZlZGVyYXN1bC5jb20uYnJcL2NvbmdyZXNzb1wvd3AtY29udGVudFwvdXBsb2Fkc1wvMjAyNVwvMDhcLzA4LTA3LTIwMTdfSVQtR0dHNTQ0MEdHLUNhc2VfUm9sX1Jpb3ozNi03Njh4NTEyLTEuanBnIn0%3D\">\n\t\t\t\t\t\t\t<img loading=\"lazy\" decoding=\"async\" width=\"768\" height=\"512\" src=\"https:\/\/federasul.com.br\/congresso\/wp-content\/uploads\/2025\/08\/08-07-2017_IT-GGG5440GG-Case_Rol_Rioz36-768x512-1.jpg\" class=\"attachment-full size-full wp-image-2078\" alt=\"\" srcset=\"https:\/\/federasul.com.br\/congresso\/wp-content\/uploads\/2025\/08\/08-07-2017_IT-GGG5440GG-Case_Rol_Rioz36-768x512-1.jpg 768w, https:\/\/federasul.com.br\/congresso\/wp-content\/uploads\/2025\/08\/08-07-2017_IT-GGG5440GG-Case_Rol_Rioz36-768x512-1-300x200.jpg 300w\" sizes=\"(max-width: 768px) 100vw, 768px\" \/>\t\t\t\t\t\t\t\t<\/a>\n\t\t\t\t\t\t\t\t\t\t\t\t\t\t\t<\/div>\n\t\t\t\t<\/div>\n\t\t\t\t<div class=\"elementor-element elementor-element-55457a7 elementor-widget elementor-widget-image\" data-id=\"55457a7\" data-element_type=\"widget\" data-widget_type=\"image.default\">\n\t\t\t\t<div class=\"elementor-widget-container\">\n\t\t\t\t\t\t\t\t\t\t\t\t\t\t\t\t<a href=\"http:\/\/www.federasul.com.br\/congresso2\/wp-content\/uploads\/2025\/08\/08-07-2017_IT-GGG5440GG-Case_Rol_Rioz38-768x512-1.jpg\" data-elementor-open-lightbox=\"yes\" data-elementor-lightbox-title=\"CONGRESSO DA FEDERASUL  2017 - CANELA, RS - 08\/07\/2017.\" data-e-action-hash=\"#elementor-action%3Aaction%3Dlightbox%26settings%3DeyJpZCI6MjA3NiwidXJsIjoiaHR0cHM6XC9cL2ZlZGVyYXN1bC5jb20uYnJcL2NvbmdyZXNzb1wvd3AtY29udGVudFwvdXBsb2Fkc1wvMjAyNVwvMDhcLzA4LTA3LTIwMTdfSVQtR0dHNTQ0MEdHLUNhc2VfUm9sX1Jpb3ozOC03Njh4NTEyLTEuanBnIn0%3D\">\n\t\t\t\t\t\t\t<img loading=\"lazy\" decoding=\"async\" width=\"768\" height=\"512\" src=\"https:\/\/federasul.com.br\/congresso\/wp-content\/uploads\/2025\/08\/08-07-2017_IT-GGG5440GG-Case_Rol_Rioz38-768x512-1.jpg\" class=\"attachment-full size-full wp-image-2076\" alt=\"\" srcset=\"https:\/\/federasul.com.br\/congresso\/wp-content\/uploads\/2025\/08\/08-07-2017_IT-GGG5440GG-Case_Rol_Rioz38-768x512-1.jpg 768w, https:\/\/federasul.com.br\/congresso\/wp-content\/uploads\/2025\/08\/08-07-2017_IT-GGG5440GG-Case_Rol_Rioz38-768x512-1-300x200.jpg 300w\" sizes=\"(max-width: 768px) 100vw, 768px\" \/>\t\t\t\t\t\t\t\t<\/a>\n\t\t\t\t\t\t\t\t\t\t\t\t\t\t\t<\/div>\n\t\t\t\t<\/div>\n\t\t\t\t<\/div>\n\t\t\t\t\t<\/div>\n\t\t\t\t<\/div>\n\t\t<div class=\"elementor-element elementor-element-ef343b0 e-flex e-con-boxed e-con e-parent\" data-id=\"ef343b0\" data-element_type=\"container\">\n\t\t\t\t\t<div class=\"e-con-inner\">\n\t\t\t\t<div class=\"elementor-element elementor-element-ebfd019 elementor-widget elementor-widget-text-editor\" data-id=\"ebfd019\" data-element_type=\"widget\" data-widget_type=\"text-editor.default\">\n\t\t\t\t<div class=\"elementor-widget-container\">\n\t\t\t\t\t\t\t\t\t<h2 class=\"center\">Patrocinadores deste ano<\/h2>\t\t\t\t\t\t\t\t<\/div>\n\t\t\t\t<\/div>\n\t\t\t\t<div class=\"elementor-element elementor-element-e96c436 elementor-widget elementor-widget-image\" data-id=\"e96c436\" data-element_type=\"widget\" data-widget_type=\"image.default\">\n\t\t\t\t<div class=\"elementor-widget-container\">\n\t\t\t\t\t\t\t\t\t\t\t\t\t\t\t<img loading=\"lazy\" decoding=\"async\" width=\"680\" height=\"74\" src=\"https:\/\/federasul.com.br\/congresso\/wp-content\/uploads\/2025\/08\/patrocinador_Prancheta-1-1-1024x111.jpg\" class=\"attachment-large size-large wp-image-2075\" alt=\"\" srcset=\"https:\/\/federasul.com.br\/congresso\/wp-content\/uploads\/2025\/08\/patrocinador_Prancheta-1-1-1024x111.jpg 1024w, https:\/\/federasul.com.br\/congresso\/wp-content\/uploads\/2025\/08\/patrocinador_Prancheta-1-1-300x32.jpg 300w, https:\/\/federasul.com.br\/congresso\/wp-content\/uploads\/2025\/08\/patrocinador_Prancheta-1-1-768x83.jpg 768w, https:\/\/federasul.com.br\/congresso\/wp-content\/uploads\/2025\/08\/patrocinador_Prancheta-1-1-1536x166.jpg 1536w, https:\/\/federasul.com.br\/congresso\/wp-content\/uploads\/2025\/08\/patrocinador_Prancheta-1-1-2048x221.jpg 2048w\" sizes=\"(max-width: 680px) 100vw, 680px\" \/>\t\t\t\t\t\t\t\t\t\t\t\t\t\t\t<\/div>\n\t\t\t\t<\/div>\n\t\t\t\t\t<\/div>\n\t\t\t\t<\/div>\n\t\t<div class=\"elementor-element elementor-element-eab0346 e-flex e-con-boxed e-con e-parent\" data-id=\"eab0346\" data-element_type=\"container\">\n\t\t\t\t\t<div class=\"e-con-inner\">\n\t\t\t\t<div class=\"elementor-element elementor-element-4152471 elementor-widget elementor-widget-text-editor\" data-id=\"4152471\" data-element_type=\"widget\" data-widget_type=\"text-editor.default\">\n\t\t\t\t<div class=\"elementor-widget-container\">\n\t\t\t\t\t\t\t\t\t<h2 class=\"center \">Apoiadores deste ano<\/h2>\t\t\t\t\t\t\t\t<\/div>\n\t\t\t\t<\/div>\n\t\t\t\t<div class=\"elementor-element elementor-element-787c93a elementor-widget elementor-widget-image\" data-id=\"787c93a\" data-element_type=\"widget\" data-widget_type=\"image.default\">\n\t\t\t\t<div class=\"elementor-widget-container\">\n\t\t\t\t\t\t\t\t\t\t\t\t\t\t\t<img loading=\"lazy\" decoding=\"async\" width=\"680\" height=\"74\" src=\"https:\/\/federasul.com.br\/congresso\/wp-content\/uploads\/2025\/08\/patrocinador-02-1024x111.jpg\" class=\"attachment-large size-large wp-image-2074\" alt=\"\" srcset=\"https:\/\/federasul.com.br\/congresso\/wp-content\/uploads\/2025\/08\/patrocinador-02-1024x111.jpg 1024w, https:\/\/federasul.com.br\/congresso\/wp-content\/uploads\/2025\/08\/patrocinador-02-300x32.jpg 300w, https:\/\/federasul.com.br\/congresso\/wp-content\/uploads\/2025\/08\/patrocinador-02-768x83.jpg 768w, https:\/\/federasul.com.br\/congresso\/wp-content\/uploads\/2025\/08\/patrocinador-02-1536x166.jpg 1536w, https:\/\/federasul.com.br\/congresso\/wp-content\/uploads\/2025\/08\/patrocinador-02-2048x221.jpg 2048w\" sizes=\"(max-width: 680px) 100vw, 680px\" \/>\t\t\t\t\t\t\t\t\t\t\t\t\t\t\t<\/div>\n\t\t\t\t<\/div>\n\t\t\t\t\t<\/div>\n\t\t\t\t<\/div>\n\t\t\t\t<\/div>\n\t\t","protected":false},"excerpt":{"rendered":"<p>A presidente Simone Leite agradeceu a presen\u00e7a de todos que participaram no \u201cmaior Congresso da hist\u00f3ria da Federasul\u201d. Otimistas com o engajamento das filiadas ao projeto desta gest\u00e3o, foram criados cinco mandamentos citados por cada um dos vice-presidentes, numa esp\u00e9cie de jogral, no final do Congresso. Coube ao vice-presidente Alexandre Gadret, falar em energia empreendedora,&#8230;  <a class=\"excerpt-read-more\" href=\"https:\/\/federasul.com.br\/congresso\/congresso-2017\/\" title=\"Read Congresso 2017\">Leia mais &raquo;<\/a><\/p>\n","protected":false},"author":1,"featured_media":2258,"comment_status":"open","ping_status":"open","sticky":false,"template":"","format":"standard","meta":{"_acf_changed":false,"footnotes":""},"categories":[8],"tags":[],"class_list":["post-2072","post","type-post","status-publish","format-standard","has-post-thumbnail","hentry","category-edicoes-anteriores"],"acf":[],"_links":{"self":[{"href":"https:\/\/federasul.com.br\/congresso\/wp-json\/wp\/v2\/posts\/2072","targetHints":{"allow":["GET"]}}],"collection":[{"href":"https:\/\/federasul.com.br\/congresso\/wp-json\/wp\/v2\/posts"}],"about":[{"href":"https:\/\/federasul.com.br\/congresso\/wp-json\/wp\/v2\/types\/post"}],"author":[{"embeddable":true,"href":"https:\/\/federasul.com.br\/congresso\/wp-json\/wp\/v2\/users\/1"}],"replies":[{"embeddable":true,"href":"https:\/\/federasul.com.br\/congresso\/wp-json\/wp\/v2\/comments?post=2072"}],"version-history":[{"count":0,"href":"https:\/\/federasul.com.br\/congresso\/wp-json\/wp\/v2\/posts\/2072\/revisions"}],"wp:featuredmedia":[{"embeddable":true,"href":"https:\/\/federasul.com.br\/congresso\/wp-json\/wp\/v2\/media\/2258"}],"wp:attachment":[{"href":"https:\/\/federasul.com.br\/congresso\/wp-json\/wp\/v2\/media?parent=2072"}],"wp:term":[{"taxonomy":"category","embeddable":true,"href":"https:\/\/federasul.com.br\/congresso\/wp-json\/wp\/v2\/categories?post=2072"},{"taxonomy":"post_tag","embeddable":true,"href":"https:\/\/federasul.com.br\/congresso\/wp-json\/wp\/v2\/tags?post=2072"}],"curies":[{"name":"wp","href":"https:\/\/api.w.org\/{rel}","templated":true}]}}